{"id":118685,"date":"2023-02-20T06:00:50","date_gmt":"2023-02-19T22:00:50","guid":{"rendered":"https:\/\/www.pamper.my\/news\/?p=118685"},"modified":"2023-02-20T10:32:29","modified_gmt":"2023-02-20T02:32:29","slug":"armani-beauty-lexposition-exhibition","status":"publish","type":"post","link":"https:\/\/www.pamper.my\/news\/beauty\/body\/armani-beauty-lexposition-exhibition\/","title":{"rendered":"Armani Beauty Unveils the first Armani\/Priv\u00e9 Haute Couture Fragrances collection exhibition &#8220;L\u2019Exposition&#8221; at Shanghai"},"content":{"rendered":"<p>For the first time ever, Armani&#8217;s iconic fragrances have taken over Shanghai Exhibition Center in a grand exhibition titled &#8220;<strong>L&#8217;Exposition<\/strong>&#8220;, hosted by Armani Beauty. From 10th to 26th February, guests could explore the quintessence of the <strong>Armani\/Priv\u00e9 Haute Couture fragrances collection<\/strong> and discover how Giorgio Armani\u2019s haute couture sensibilities are reimagined as olfactory creations.<\/p>\n<p><img loading=\"lazy\" decoding=\"async\" class=\"alignnone size-full wp-image-118689\" src=\"https:\/\/media.pamper.my\/2023\/02\/Yao-Tong-Armani-Prive-Exhhibition.jpg\" alt=\"\" width=\"800\" height=\"534\" srcset=\"https:\/\/media.pamper.my\/2023\/02\/Yao-Tong-Armani-Prive-Exhhibition.jpg 800w, https:\/\/media.pamper.my\/2023\/02\/Yao-Tong-Armani-Prive-Exhhibition-300x200.jpg 300w, https:\/\/media.pamper.my\/2023\/02\/Yao-Tong-Armani-Prive-Exhhibition-150x100.jpg 150w, https:\/\/media.pamper.my\/2023\/02\/Yao-Tong-Armani-Prive-Exhhibition-768x513.jpg 768w, https:\/\/media.pamper.my\/2023\/02\/Yao-Tong-Armani-Prive-Exhhibition-696x465.jpg 696w, https:\/\/media.pamper.my\/2023\/02\/Yao-Tong-Armani-Prive-Exhhibition-629x420.jpg 629w\" sizes=\"(max-width: 800px) 100vw, 800px\" \/><\/p>\n<p>The opening ceremony on the 10th February was graced with presence of notable figures such as Jackson Yee, Armani beauty Global Ambassador, Elaine Zhong, Armani beauty face, Yao Tong, Armani beauty China Ambassador, and Jackson Wang, Asia-Pacific Armani Fragrances ambassador, actors and notable guests among whom were Jenny Zhang, Maizi, and Austin Li.<\/p>\n<figure id=\"attachment_118693\" aria-describedby=\"caption-attachment-118693\" style=\"width: 800px\" class=\"wp-caption alignnone\"><img loading=\"lazy\" decoding=\"async\" class=\"size-full wp-image-118693\" src=\"https:\/\/media.pamper.my\/2023\/02\/Jackson-Yee-Armani-Beauty_1.jpg\" alt=\"\" width=\"800\" height=\"534\" srcset=\"https:\/\/media.pamper.my\/2023\/02\/Jackson-Yee-Armani-Beauty_1.jpg 800w, https:\/\/media.pamper.my\/2023\/02\/Jackson-Yee-Armani-Beauty_1-300x200.jpg 300w, https:\/\/media.pamper.my\/2023\/02\/Jackson-Yee-Armani-Beauty_1-150x100.jpg 150w, https:\/\/media.pamper.my\/2023\/02\/Jackson-Yee-Armani-Beauty_1-768x513.jpg 768w, https:\/\/media.pamper.my\/2023\/02\/Jackson-Yee-Armani-Beauty_1-696x465.jpg 696w, https:\/\/media.pamper.my\/2023\/02\/Jackson-Yee-Armani-Beauty_1-629x420.jpg 629w\" sizes=\"(max-width: 800px) 100vw, 800px\" \/><figcaption id=\"caption-attachment-118693\" class=\"wp-caption-text\">Jackson Yee<\/figcaption><\/figure>\n<figure id=\"attachment_118699\" aria-describedby=\"caption-attachment-118699\" style=\"width: 800px\" class=\"wp-caption alignnone\"><img loading=\"lazy\" decoding=\"async\" class=\"wp-image-118699 size-full\" src=\"https:\/\/media.pamper.my\/2023\/02\/Jackson-Wang.jpg\" alt=\"\" width=\"800\" height=\"571\" srcset=\"https:\/\/media.pamper.my\/2023\/02\/Jackson-Wang.jpg 800w, https:\/\/media.pamper.my\/2023\/02\/Jackson-Wang-300x214.jpg 300w, https:\/\/media.pamper.my\/2023\/02\/Jackson-Wang-150x107.jpg 150w, https:\/\/media.pamper.my\/2023\/02\/Jackson-Wang-768x548.jpg 768w, https:\/\/media.pamper.my\/2023\/02\/Jackson-Wang-100x70.jpg 100w, https:\/\/media.pamper.my\/2023\/02\/Jackson-Wang-696x497.jpg 696w, https:\/\/media.pamper.my\/2023\/02\/Jackson-Wang-588x420.jpg 588w\" sizes=\"(max-width: 800px) 100vw, 800px\" \/><figcaption id=\"caption-attachment-118699\" class=\"wp-caption-text\">Jackson Wang<\/figcaption><\/figure>\n<div id='gallery-1' class='gallery galleryid-118685 gallery-columns-2 gallery-size-full'><figure class='gallery-item'>\n\t\t\t<div class='gallery-icon portrait'>\n\t\t\t\t<a href='https:\/\/media.pamper.my\/2023\/02\/Yao-Tong_1.jpg'><img loading=\"lazy\" decoding=\"async\" width=\"731\" height=\"1024\" src=\"https:\/\/media.pamper.my\/2023\/02\/Yao-Tong_1.jpg\" class=\"attachment-full size-full\" alt=\"\" aria-describedby=\"gallery-1-118697\" srcset=\"https:\/\/media.pamper.my\/2023\/02\/Yao-Tong_1.jpg 731w, https:\/\/media.pamper.my\/2023\/02\/Yao-Tong_1-214x300.jpg 214w, https:\/\/media.pamper.my\/2023\/02\/Yao-Tong_1-107x150.jpg 107w, https:\/\/media.pamper.my\/2023\/02\/Yao-Tong_1-696x975.jpg 696w, https:\/\/media.pamper.my\/2023\/02\/Yao-Tong_1-300x420.jpg 300w\" sizes=\"(max-width: 731px) 100vw, 731px\" \/><\/a>\n\t\t\t<\/div>\n\t\t\t\t<figcaption class='wp-caption-text gallery-caption' id='gallery-1-118697'>\n\t\t\t\tYao Tong\n\t\t\t\t<\/figcaption><\/figure><figure class='gallery-item'>\n\t\t\t<div class='gallery-icon portrait'>\n\t\t\t\t<a href='https:\/\/media.pamper.my\/2023\/02\/Elaine-Zhong_Armani-Beauty_2.jpg'><img loading=\"lazy\" decoding=\"async\" width=\"683\" height=\"1024\" src=\"https:\/\/media.pamper.my\/2023\/02\/Elaine-Zhong_Armani-Beauty_2.jpg\" class=\"attachment-full size-full\" alt=\"\" aria-describedby=\"gallery-1-118696\" srcset=\"https:\/\/media.pamper.my\/2023\/02\/Elaine-Zhong_Armani-Beauty_2.jpg 683w, https:\/\/media.pamper.my\/2023\/02\/Elaine-Zhong_Armani-Beauty_2-200x300.jpg 200w, https:\/\/media.pamper.my\/2023\/02\/Elaine-Zhong_Armani-Beauty_2-100x150.jpg 100w, https:\/\/media.pamper.my\/2023\/02\/Elaine-Zhong_Armani-Beauty_2-280x420.jpg 280w\" sizes=\"(max-width: 683px) 100vw, 683px\" \/><\/a>\n\t\t\t<\/div>\n\t\t\t\t<figcaption class='wp-caption-text gallery-caption' id='gallery-1-118696'>\n\t\t\t\tElaine Zhong\n\t\t\t\t<\/figcaption><\/figure>\n\t\t<\/div>\n\n<figure id=\"attachment_118695\" aria-describedby=\"caption-attachment-118695\" style=\"width: 800px\" class=\"wp-caption alignnone\"><img loading=\"lazy\" decoding=\"async\" class=\"size-full wp-image-118695\" src=\"https:\/\/media.pamper.my\/2023\/02\/Jenny-Zhang_Armani-Beauty.jpg\" alt=\"\" width=\"800\" height=\"533\" srcset=\"https:\/\/media.pamper.my\/2023\/02\/Jenny-Zhang_Armani-Beauty.jpg 800w, https:\/\/media.pamper.my\/2023\/02\/Jenny-Zhang_Armani-Beauty-300x200.jpg 300w, https:\/\/media.pamper.my\/2023\/02\/Jenny-Zhang_Armani-Beauty-150x100.jpg 150w, https:\/\/media.pamper.my\/2023\/02\/Jenny-Zhang_Armani-Beauty-768x512.jpg 768w, https:\/\/media.pamper.my\/2023\/02\/Jenny-Zhang_Armani-Beauty-696x464.jpg 696w, https:\/\/media.pamper.my\/2023\/02\/Jenny-Zhang_Armani-Beauty-630x420.jpg 630w\" sizes=\"(max-width: 800px) 100vw, 800px\" \/><figcaption id=\"caption-attachment-118695\" class=\"wp-caption-text\">Jenny Zhang<\/figcaption><\/figure>\n<figure id=\"attachment_118698\" aria-describedby=\"caption-attachment-118698\" style=\"width: 800px\" class=\"wp-caption alignnone\"><img loading=\"lazy\" decoding=\"async\" class=\"size-full wp-image-118698\" src=\"https:\/\/media.pamper.my\/2023\/02\/Maizi_Armani-Beauty.jpg\" alt=\"\" width=\"800\" height=\"533\" srcset=\"https:\/\/media.pamper.my\/2023\/02\/Maizi_Armani-Beauty.jpg 800w, https:\/\/media.pamper.my\/2023\/02\/Maizi_Armani-Beauty-300x200.jpg 300w, https:\/\/media.pamper.my\/2023\/02\/Maizi_Armani-Beauty-150x100.jpg 150w, https:\/\/media.pamper.my\/2023\/02\/Maizi_Armani-Beauty-768x512.jpg 768w, https:\/\/media.pamper.my\/2023\/02\/Maizi_Armani-Beauty-696x464.jpg 696w, https:\/\/media.pamper.my\/2023\/02\/Maizi_Armani-Beauty-630x420.jpg 630w\" sizes=\"(max-width: 800px) 100vw, 800px\" \/><figcaption id=\"caption-attachment-118698\" class=\"wp-caption-text\">Maizi<\/figcaption><\/figure>\n<p>There are four collections within the Armani\/Priv\u00e9 range &#8211; <strong>Les Eaux, La Collection, Les Terres Pr\u00e9cieuses, and Les Mille et Une Nuits<\/strong>; as well as a selection of limited-edition fragrances that directly interpret individual Armani\/Priv\u00e9 Haute Couture collections: <strong>Les \u00c9ditions Couture<\/strong>. Each collection conveys emotion, freedom, and intimacy, while offering a rich olfactory interpretation of Giorgio Armani\u2019s inspirations.<\/p>\n<figure id=\"attachment_118694\" aria-describedby=\"caption-attachment-118694\" style=\"width: 800px\" class=\"wp-caption alignnone\"><img loading=\"lazy\" decoding=\"async\" class=\"wp-image-118694 size-full\" src=\"https:\/\/media.pamper.my\/2023\/02\/Jackson-Wang_Les-Eaux.jpg\" alt=\"\" width=\"800\" height=\"571\" srcset=\"https:\/\/media.pamper.my\/2023\/02\/Jackson-Wang_Les-Eaux.jpg 800w, https:\/\/media.pamper.my\/2023\/02\/Jackson-Wang_Les-Eaux-300x214.jpg 300w, https:\/\/media.pamper.my\/2023\/02\/Jackson-Wang_Les-Eaux-150x107.jpg 150w, https:\/\/media.pamper.my\/2023\/02\/Jackson-Wang_Les-Eaux-768x548.jpg 768w, https:\/\/media.pamper.my\/2023\/02\/Jackson-Wang_Les-Eaux-100x70.jpg 100w, https:\/\/media.pamper.my\/2023\/02\/Jackson-Wang_Les-Eaux-696x497.jpg 696w, https:\/\/media.pamper.my\/2023\/02\/Jackson-Wang_Les-Eaux-588x420.jpg 588w\" sizes=\"(max-width: 800px) 100vw, 800px\" \/><figcaption id=\"caption-attachment-118694\" class=\"wp-caption-text\">Les Eaux<\/figcaption><\/figure>\n<figure id=\"attachment_118690\" aria-describedby=\"caption-attachment-118690\" style=\"width: 800px\" class=\"wp-caption alignnone\"><img loading=\"lazy\" decoding=\"async\" class=\"wp-image-118690 size-full\" src=\"https:\/\/media.pamper.my\/2023\/02\/Les-Terres-Precieuses.jpg\" alt=\"\" width=\"800\" height=\"534\" srcset=\"https:\/\/media.pamper.my\/2023\/02\/Les-Terres-Precieuses.jpg 800w, https:\/\/media.pamper.my\/2023\/02\/Les-Terres-Precieuses-300x200.jpg 300w, https:\/\/media.pamper.my\/2023\/02\/Les-Terres-Precieuses-150x100.jpg 150w, https:\/\/media.pamper.my\/2023\/02\/Les-Terres-Precieuses-768x513.jpg 768w, https:\/\/media.pamper.my\/2023\/02\/Les-Terres-Precieuses-696x465.jpg 696w, https:\/\/media.pamper.my\/2023\/02\/Les-Terres-Precieuses-629x420.jpg 629w\" sizes=\"(max-width: 800px) 100vw, 800px\" \/><figcaption id=\"caption-attachment-118690\" class=\"wp-caption-text\">Les Terres Pr\u00e9cieuses<\/figcaption><\/figure>\n<figure id=\"attachment_118692\" aria-describedby=\"caption-attachment-118692\" style=\"width: 800px\" class=\"wp-caption alignnone\"><img loading=\"lazy\" decoding=\"async\" class=\"wp-image-118692 size-full\" src=\"https:\/\/media.pamper.my\/2023\/02\/Yao-Tong.jpg\" alt=\"\" width=\"800\" height=\"534\" srcset=\"https:\/\/media.pamper.my\/2023\/02\/Yao-Tong.jpg 800w, https:\/\/media.pamper.my\/2023\/02\/Yao-Tong-300x200.jpg 300w, https:\/\/media.pamper.my\/2023\/02\/Yao-Tong-150x100.jpg 150w, https:\/\/media.pamper.my\/2023\/02\/Yao-Tong-768x513.jpg 768w, https:\/\/media.pamper.my\/2023\/02\/Yao-Tong-696x465.jpg 696w, https:\/\/media.pamper.my\/2023\/02\/Yao-Tong-629x420.jpg 629w\" sizes=\"(max-width: 800px) 100vw, 800px\" \/><figcaption id=\"caption-attachment-118692\" class=\"wp-caption-text\">Les Mille et Une Nuits<\/figcaption><\/figure>\n<p>L&#8217;Exposition is a dynamic exhibition experience brought to life by Giorgio Armani\/Priv\u00e9 Fragrances. Capturing the spirit of each fragrance collection within its own tailored universe, an intricate structure of golden arches encases film projections illuminating the transition between atmospheres. Gifting viewers with a one-of-a-kind sensory and visual journey, this ambitious concept solidifies the sophisticated character of Armani\/Priv\u00e9 fragrances into an unforgettable story.<\/p>\n<p><img loading=\"lazy\" decoding=\"async\" class=\"alignnone size-full wp-image-118688\" src=\"https:\/\/media.pamper.my\/2023\/02\/Armani-Prive-Haute-Couture-Fragrances-LExposition-Official-visual.jpg\" alt=\"\" width=\"731\" height=\"1024\" srcset=\"https:\/\/media.pamper.my\/2023\/02\/Armani-Prive-Haute-Couture-Fragrances-LExposition-Official-visual.jpg 731w, https:\/\/media.pamper.my\/2023\/02\/Armani-Prive-Haute-Couture-Fragrances-LExposition-Official-visual-214x300.jpg 214w, https:\/\/media.pamper.my\/2023\/02\/Armani-Prive-Haute-Couture-Fragrances-LExposition-Official-visual-107x150.jpg 107w, https:\/\/media.pamper.my\/2023\/02\/Armani-Prive-Haute-Couture-Fragrances-LExposition-Official-visual-696x975.jpg 696w, https:\/\/media.pamper.my\/2023\/02\/Armani-Prive-Haute-Couture-Fragrances-LExposition-Official-visual-300x420.jpg 300w\" sizes=\"(max-width: 731px) 100vw, 731px\" \/><\/p>\n<p>The Armani\/Priv\u00e9 Haute Couture Fragrances &#8211; L\u2019Exposition exhibition is open to the public until 26th February at China\u2019s Shanghai Exhibition Center.<\/p>\n<p><strong>Read also:\u00a0<a href=\"https:\/\/www.pamper.my\/news\/beauty\/body\/11-best-new-fragrances-to-gift-your-valentine-this-year\/\" target=\"_blank\" rel=\"noopener\">11 Best New Fragrances to Gift Your Valentine This Year<\/a><\/strong><\/p>\n","protected":false},"excerpt":{"rendered":"<p>For the first time ever, Armani&#8217;s iconic fragrances have taken over Shanghai Exhibition Center in a grand exhibition titled &#8220;L&#8217;Exposition&#8220;, hosted by Armani Beauty. From 10th to 26th February, guests could explore the quintessence of the Armani\/Priv\u00e9 Haute Couture fragrances collection and discover how Giorgio Armani\u2019s haute couture sensibilities are reimagined as olfactory creations. The [&hellip;]<\/p>\n","protected":false},"author":10,"featured_media":118688,"comment_status":"open","ping_status":"closed","sticky":false,"template":"","format":"standard","meta":{"spay_email":"","footnotes":"","jetpack_publicize_message":"","jetpack_is_tweetstorm":false,"jetpack_publicize_feature_enabled":true},"categories":[17,27,2699],"tags":[16759,24426,24423,24428,24427,24431,24430,24429,24424,24425],"yoast_head":"<!-- This site is optimized with the Yoast SEO plugin v17.9 - https:\/\/yoast.com\/wordpress\/plugins\/seo\/ -->\n<title>Armani Beauty Unveils the first Armani\/Priv\u00e9 Haute Couture Fragrances collection exhibition &quot;L\u2019Exposition&quot; at Shanghai | Pamper.My<\/title>\n<meta name=\"description\" content=\"For the first time ever, Armani&#039;s iconic fragrances have taken over Shanghai Exhibition Center in a grand exhibition titled &quot;L&#039;Exposition&quot;, hosted by Armani Beauty.\" \/>\n<meta name=\"robots\" content=\"index, follow, max-snippet:-1, max-image-preview:large, max-video-preview:-1\" \/>\n<link rel=\"canonical\" href=\"https:\/\/www.pamper.my\/news\/beauty\/body\/armani-beauty-lexposition-exhibition\/\" \/>\n<meta property=\"og:locale\" content=\"en_US\" \/>\n<meta property=\"og:type\" content=\"article\" \/>\n<meta property=\"og:title\" content=\"Armani Beauty Unveils the first Armani\/Priv\u00e9 Haute Couture Fragrances collection exhibition &quot;L\u2019Exposition&quot; at Shanghai | Pamper.My\" \/>\n<meta property=\"og:description\" content=\"For the first time ever, Armani&#039;s iconic fragrances have taken over Shanghai Exhibition Center in a grand exhibition titled &quot;L&#039;Exposition&quot;, hosted by Armani Beauty.\" \/>\n<meta property=\"og:url\" content=\"https:\/\/www.pamper.my\/news\/beauty\/body\/armani-beauty-lexposition-exhibition\/\" \/>\n<meta property=\"og:site_name\" content=\"Pamper.My\" \/>\n<meta property=\"article:publisher\" content=\"https:\/\/www.facebook.com\/Pamper.My\" \/>\n<meta property=\"article:author\" content=\"https:\/\/www.facebook.com\/Pamper.My\" \/>\n<meta property=\"article:published_time\" content=\"2023-02-19T22:00:50+00:00\" \/>\n<meta property=\"article:modified_time\" content=\"2023-02-20T02:32:29+00:00\" \/>\n<meta property=\"og:image\" content=\"https:\/\/media.pamper.my\/2023\/02\/Armani-Prive-Haute-Couture-Fragrances-LExposition-Official-visual.jpg\" \/>\n\t<meta property=\"og:image:width\" content=\"731\" \/>\n\t<meta property=\"og:image:height\" content=\"1024\" \/>\n\t<meta property=\"og:image:type\" content=\"image\/jpeg\" \/>\n<meta name=\"twitter:label1\" content=\"Written by\" \/>\n\t<meta name=\"twitter:data1\" content=\"Pamper Editorial Team\" \/>\n\t<meta name=\"twitter:label2\" content=\"Est. reading time\" \/>\n\t<meta name=\"twitter:data2\" content=\"4 minutes\" \/>\n<script type=\"application\/ld+json\" class=\"yoast-schema-graph\">{\"@context\":\"https:\/\/schema.org\",\"@graph\":[{\"@type\":\"Organization\",\"@id\":\"https:\/\/www.pamper.my\/news\/#organization\",\"name\":\"Pamper.My\",\"url\":\"https:\/\/www.pamper.my\/news\/\",\"sameAs\":[\"https:\/\/www.facebook.com\/Pamper.My\",\"https:\/\/instagram.com\/pamper.my\",\"http:\/\/www.youtube.com\/c\/PamperMyMalaysia\",\"https:\/\/twitter.com\/PamperMalaysia\"],\"logo\":{\"@type\":\"ImageObject\",\"@id\":\"https:\/\/www.pamper.my\/news\/#logo\",\"inLanguage\":\"en-US\",\"url\":\"http:\/\/media.pamper.my\/2022\/06\/Pamper.My-Logo-new.png\",\"contentUrl\":\"http:\/\/media.pamper.my\/2022\/06\/Pamper.My-Logo-new.png\",\"width\":555,\"height\":145,\"caption\":\"Pamper.My\"},\"image\":{\"@id\":\"https:\/\/www.pamper.my\/news\/#logo\"}},{\"@type\":\"WebSite\",\"@id\":\"https:\/\/www.pamper.my\/news\/#website\",\"url\":\"https:\/\/www.pamper.my\/news\/\",\"name\":\"Pamper.My\",\"description\":\"Malaysia\\u2019s leading digital magazine for beauty, fashion, wellness &amp; lifestyle\",\"publisher\":{\"@id\":\"https:\/\/www.pamper.my\/news\/#organization\"},\"potentialAction\":[{\"@type\":\"SearchAction\",\"target\":{\"@type\":\"EntryPoint\",\"urlTemplate\":\"https:\/\/www.pamper.my\/news\/?s={search_term_string}\"},\"query-input\":\"required name=search_term_string\"}],\"inLanguage\":\"en-US\"},{\"@type\":\"ImageObject\",\"@id\":\"https:\/\/www.pamper.my\/news\/beauty\/body\/armani-beauty-lexposition-exhibition\/#primaryimage\",\"inLanguage\":\"en-US\",\"url\":\"https:\/\/media.pamper.my\/2023\/02\/Armani-Prive-Haute-Couture-Fragrances-LExposition-Official-visual.jpg\",\"contentUrl\":\"https:\/\/media.pamper.my\/2023\/02\/Armani-Prive-Haute-Couture-Fragrances-LExposition-Official-visual.jpg\",\"width\":731,\"height\":1024},{\"@type\":\"WebPage\",\"@id\":\"https:\/\/www.pamper.my\/news\/beauty\/body\/armani-beauty-lexposition-exhibition\/#webpage\",\"url\":\"https:\/\/www.pamper.my\/news\/beauty\/body\/armani-beauty-lexposition-exhibition\/\",\"name\":\"Armani Beauty Unveils the first Armani\/Priv\\u00e9 Haute Couture Fragrances collection exhibition \\\"L\\u2019Exposition\\\" at Shanghai | Pamper.My\",\"isPartOf\":{\"@id\":\"https:\/\/www.pamper.my\/news\/#website\"},\"primaryImageOfPage\":{\"@id\":\"https:\/\/www.pamper.my\/news\/beauty\/body\/armani-beauty-lexposition-exhibition\/#primaryimage\"},\"datePublished\":\"2023-02-19T22:00:50+00:00\",\"dateModified\":\"2023-02-20T02:32:29+00:00\",\"description\":\"For the first time ever, Armani's iconic fragrances have taken over Shanghai Exhibition Center in a grand exhibition titled \\\"L'Exposition\\\", hosted by Armani Beauty.\",\"breadcrumb\":{\"@id\":\"https:\/\/www.pamper.my\/news\/beauty\/body\/armani-beauty-lexposition-exhibition\/#breadcrumb\"},\"inLanguage\":\"en-US\",\"potentialAction\":[{\"@type\":\"ReadAction\",\"target\":[\"https:\/\/www.pamper.my\/news\/beauty\/body\/armani-beauty-lexposition-exhibition\/\"]}]},{\"@type\":\"BreadcrumbList\",\"@id\":\"https:\/\/www.pamper.my\/news\/beauty\/body\/armani-beauty-lexposition-exhibition\/#breadcrumb\",\"itemListElement\":[{\"@type\":\"ListItem\",\"position\":1,\"name\":\"Home\",\"item\":\"https:\/\/www.pamper.my\/news\/\"},{\"@type\":\"ListItem\",\"position\":2,\"name\":\"Armani Beauty Unveils the first Armani\/Priv\\u00e9 Haute Couture Fragrances collection exhibition &#8220;L\\u2019Exposition&#8221; at Shanghai\"}]},{\"@type\":\"Article\",\"@id\":\"https:\/\/www.pamper.my\/news\/beauty\/body\/armani-beauty-lexposition-exhibition\/#article\",\"isPartOf\":{\"@id\":\"https:\/\/www.pamper.my\/news\/beauty\/body\/armani-beauty-lexposition-exhibition\/#webpage\"},\"author\":{\"@id\":\"https:\/\/www.pamper.my\/news\/#\/schema\/person\/1f83b17a69d14ed04e9334e3869c34e0\"},\"headline\":\"Armani Beauty Unveils the first Armani\/Priv\\u00e9 Haute Couture Fragrances collection exhibition &#8220;L\\u2019Exposition&#8221; at Shanghai\",\"datePublished\":\"2023-02-19T22:00:50+00:00\",\"dateModified\":\"2023-02-20T02:32:29+00:00\",\"mainEntityOfPage\":{\"@id\":\"https:\/\/www.pamper.my\/news\/beauty\/body\/armani-beauty-lexposition-exhibition\/#webpage\"},\"wordCount\":360,\"commentCount\":0,\"publisher\":{\"@id\":\"https:\/\/www.pamper.my\/news\/#organization\"},\"image\":{\"@id\":\"https:\/\/www.pamper.my\/news\/beauty\/body\/armani-beauty-lexposition-exhibition\/#primaryimage\"},\"thumbnailUrl\":\"https:\/\/media.pamper.my\/2023\/02\/Armani-Prive-Haute-Couture-Fragrances-LExposition-Official-visual.jpg\",\"keywords\":[\"Armani Beauty\",\"Armani\/Priv\\u00e9\",\"Armani\/Priv\\u00e9 Haute Couture Fragrances\",\"La Collection\",\"Les Eaux\",\"Les \\u00c9ditions Couture\",\"Les Mille et Une Nuits\",\"Les Terres Pr\\u00e9cieuses\",\"L\\u2019Exposition\",\"Shanghai Exhibition Center\"],\"articleSection\":[\"Beauty\",\"Body\",\"Slider (Beauty)\"],\"inLanguage\":\"en-US\",\"potentialAction\":[{\"@type\":\"CommentAction\",\"name\":\"Comment\",\"target\":[\"https:\/\/www.pamper.my\/news\/beauty\/body\/armani-beauty-lexposition-exhibition\/#respond\"]}]},{\"@type\":\"Person\",\"@id\":\"https:\/\/www.pamper.my\/news\/#\/schema\/person\/1f83b17a69d14ed04e9334e3869c34e0\",\"name\":\"Pamper Editorial Team\",\"image\":{\"@type\":\"ImageObject\",\"@id\":\"https:\/\/www.pamper.my\/news\/#personlogo\",\"inLanguage\":\"en-US\",\"url\":\"https:\/\/www.pamper.my\/news\/wp-content\/uploads\/2019\/01\/Pamper.My-initial-Logo-150x144.jpg\",\"contentUrl\":\"https:\/\/www.pamper.my\/news\/wp-content\/uploads\/2019\/01\/Pamper.My-initial-Logo-150x144.jpg\",\"caption\":\"Pamper Editorial Team\"},\"description\":\"If you have an interesting story to tell or share, drop us an email at editor@pamper.my and angie@pamper.my.\",\"sameAs\":[\"https:\/\/www.pamper.my\",\"https:\/\/www.facebook.com\/Pamper.My\",\"https:\/\/instagram.com\/pamper.my\/\",\"https:\/\/twitter.com\/https:\/\/twitter.com\/PamperMalaysia\",\"https:\/\/www.youtube.com\/channel\/UCU6ef9JLkURc5if6Qv4cIrQ\"],\"url\":\"https:\/\/www.pamper.my\/news\/author\/editor\/\"}]}<\/script>\n<!-- \/ Yoast SEO plugin. -->","yoast_head_json":{"title":"Armani Beauty Unveils the first Armani\/Priv\u00e9 Haute Couture Fragrances collection exhibition \"L\u2019Exposition\" at Shanghai | Pamper.My","description":"For the first time ever, Armani's iconic fragrances have taken over Shanghai Exhibition Center in a grand exhibition titled \"L'Exposition\", hosted by Armani Beauty.","robots":{"index":"index","follow":"follow","max-snippet":"max-snippet:-1","max-image-preview":"max-image-preview:large","max-video-preview":"max-video-preview:-1"},"canonical":"https:\/\/www.pamper.my\/news\/beauty\/body\/armani-beauty-lexposition-exhibition\/","og_locale":"en_US","og_type":"article","og_title":"Armani Beauty Unveils the first Armani\/Priv\u00e9 Haute Couture Fragrances collection exhibition \"L\u2019Exposition\" at Shanghai | Pamper.My","og_description":"For the first time ever, Armani's iconic fragrances have taken over Shanghai Exhibition Center in a grand exhibition titled \"L'Exposition\", hosted by Armani Beauty.","og_url":"https:\/\/www.pamper.my\/news\/beauty\/body\/armani-beauty-lexposition-exhibition\/","og_site_name":"Pamper.My","article_publisher":"https:\/\/www.facebook.com\/Pamper.My","article_author":"https:\/\/www.facebook.com\/Pamper.My","article_published_time":"2023-02-19T22:00:50+00:00","article_modified_time":"2023-02-20T02:32:29+00:00","og_image":[{"width":731,"height":1024,"url":"https:\/\/media.pamper.my\/2023\/02\/Armani-Prive-Haute-Couture-Fragrances-LExposition-Official-visual.jpg","type":"image\/jpeg"}],"twitter_misc":{"Written by":"Pamper Editorial Team","Est. reading time":"4 minutes"},"schema":{"@context":"https:\/\/schema.org","@graph":[{"@type":"Organization","@id":"https:\/\/www.pamper.my\/news\/#organization","name":"Pamper.My","url":"https:\/\/www.pamper.my\/news\/","sameAs":["https:\/\/www.facebook.com\/Pamper.My","https:\/\/instagram.com\/pamper.my","http:\/\/www.youtube.com\/c\/PamperMyMalaysia","https:\/\/twitter.com\/PamperMalaysia"],"logo":{"@type":"ImageObject","@id":"https:\/\/www.pamper.my\/news\/#logo","inLanguage":"en-US","url":"http:\/\/media.pamper.my\/2022\/06\/Pamper.My-Logo-new.png","contentUrl":"http:\/\/media.pamper.my\/2022\/06\/Pamper.My-Logo-new.png","width":555,"height":145,"caption":"Pamper.My"},"image":{"@id":"https:\/\/www.pamper.my\/news\/#logo"}},{"@type":"WebSite","@id":"https:\/\/www.pamper.my\/news\/#website","url":"https:\/\/www.pamper.my\/news\/","name":"Pamper.My","description":"Malaysia\u2019s leading digital magazine for beauty, fashion, wellness &amp; lifestyle","publisher":{"@id":"https:\/\/www.pamper.my\/news\/#organization"},"potentialAction":[{"@type":"SearchAction","target":{"@type":"EntryPoint","urlTemplate":"https:\/\/www.pamper.my\/news\/?s={search_term_string}"},"query-input":"required name=search_term_string"}],"inLanguage":"en-US"},{"@type":"ImageObject","@id":"https:\/\/www.pamper.my\/news\/beauty\/body\/armani-beauty-lexposition-exhibition\/#primaryimage","inLanguage":"en-US","url":"https:\/\/media.pamper.my\/2023\/02\/Armani-Prive-Haute-Couture-Fragrances-LExposition-Official-visual.jpg","contentUrl":"https:\/\/media.pamper.my\/2023\/02\/Armani-Prive-Haute-Couture-Fragrances-LExposition-Official-visual.jpg","width":731,"height":1024},{"@type":"WebPage","@id":"https:\/\/www.pamper.my\/news\/beauty\/body\/armani-beauty-lexposition-exhibition\/#webpage","url":"https:\/\/www.pamper.my\/news\/beauty\/body\/armani-beauty-lexposition-exhibition\/","name":"Armani Beauty Unveils the first Armani\/Priv\u00e9 Haute Couture Fragrances collection exhibition \"L\u2019Exposition\" at Shanghai | Pamper.My","isPartOf":{"@id":"https:\/\/www.pamper.my\/news\/#website"},"primaryImageOfPage":{"@id":"https:\/\/www.pamper.my\/news\/beauty\/body\/armani-beauty-lexposition-exhibition\/#primaryimage"},"datePublished":"2023-02-19T22:00:50+00:00","dateModified":"2023-02-20T02:32:29+00:00","description":"For the first time ever, Armani's iconic fragrances have taken over Shanghai Exhibition Center in a grand exhibition titled \"L'Exposition\", hosted by Armani Beauty.","breadcrumb":{"@id":"https:\/\/www.pamper.my\/news\/beauty\/body\/armani-beauty-lexposition-exhibition\/#breadcrumb"},"inLanguage":"en-US","potentialAction":[{"@type":"ReadAction","target":["https:\/\/www.pamper.my\/news\/beauty\/body\/armani-beauty-lexposition-exhibition\/"]}]},{"@type":"BreadcrumbList","@id":"https:\/\/www.pamper.my\/news\/beauty\/body\/armani-beauty-lexposition-exhibition\/#breadcrumb","itemListElement":[{"@type":"ListItem","position":1,"name":"Home","item":"https:\/\/www.pamper.my\/news\/"},{"@type":"ListItem","position":2,"name":"Armani Beauty Unveils the first Armani\/Priv\u00e9 Haute Couture Fragrances collection exhibition &#8220;L\u2019Exposition&#8221; at Shanghai"}]},{"@type":"Article","@id":"https:\/\/www.pamper.my\/news\/beauty\/body\/armani-beauty-lexposition-exhibition\/#article","isPartOf":{"@id":"https:\/\/www.pamper.my\/news\/beauty\/body\/armani-beauty-lexposition-exhibition\/#webpage"},"author":{"@id":"https:\/\/www.pamper.my\/news\/#\/schema\/person\/1f83b17a69d14ed04e9334e3869c34e0"},"headline":"Armani Beauty Unveils the first Armani\/Priv\u00e9 Haute Couture Fragrances collection exhibition &#8220;L\u2019Exposition&#8221; at Shanghai","datePublished":"2023-02-19T22:00:50+00:00","dateModified":"2023-02-20T02:32:29+00:00","mainEntityOfPage":{"@id":"https:\/\/www.pamper.my\/news\/beauty\/body\/armani-beauty-lexposition-exhibition\/#webpage"},"wordCount":360,"commentCount":0,"publisher":{"@id":"https:\/\/www.pamper.my\/news\/#organization"},"image":{"@id":"https:\/\/www.pamper.my\/news\/beauty\/body\/armani-beauty-lexposition-exhibition\/#primaryimage"},"thumbnailUrl":"https:\/\/media.pamper.my\/2023\/02\/Armani-Prive-Haute-Couture-Fragrances-LExposition-Official-visual.jpg","keywords":["Armani Beauty","Armani\/Priv\u00e9","Armani\/Priv\u00e9 Haute Couture Fragrances","La Collection","Les Eaux","Les \u00c9ditions Couture","Les Mille et Une Nuits","Les Terres Pr\u00e9cieuses","L\u2019Exposition","Shanghai Exhibition Center"],"articleSection":["Beauty","Body","Slider (Beauty)"],"inLanguage":"en-US","potentialAction":[{"@type":"CommentAction","name":"Comment","target":["https:\/\/www.pamper.my\/news\/beauty\/body\/armani-beauty-lexposition-exhibition\/#respond"]}]},{"@type":"Person","@id":"https:\/\/www.pamper.my\/news\/#\/schema\/person\/1f83b17a69d14ed04e9334e3869c34e0","name":"Pamper Editorial Team","image":{"@type":"ImageObject","@id":"https:\/\/www.pamper.my\/news\/#personlogo","inLanguage":"en-US","url":"https:\/\/www.pamper.my\/news\/wp-content\/uploads\/2019\/01\/Pamper.My-initial-Logo-150x144.jpg","contentUrl":"https:\/\/www.pamper.my\/news\/wp-content\/uploads\/2019\/01\/Pamper.My-initial-Logo-150x144.jpg","caption":"Pamper Editorial Team"},"description":"If you have an interesting story to tell or share, drop us an email at editor@pamper.my and angie@pamper.my.","sameAs":["https:\/\/www.pamper.my","https:\/\/www.facebook.com\/Pamper.My","https:\/\/instagram.com\/pamper.my\/","https:\/\/twitter.com\/https:\/\/twitter.com\/PamperMalaysia","https:\/\/www.youtube.com\/channel\/UCU6ef9JLkURc5if6Qv4cIrQ"],"url":"https:\/\/www.pamper.my\/news\/author\/editor\/"}]}},"jetpack_featured_media_url":"https:\/\/media.pamper.my\/2023\/02\/Armani-Prive-Haute-Couture-Fragrances-LExposition-Official-visual.jpg","jetpack_publicize_connections":[],"jetpack_sharing_enabled":true,"jetpack_shortlink":"https:\/\/wp.me\/p6BDs3-uSh","jetpack-related-posts":[{"id":134484,"url":"https:\/\/www.pamper.my\/news\/lifestyle\/fashion\/giorgio-armani-prive-20th-anniversary-exhibition\/","url_meta":{"origin":118685,"position":0},"title":"Armani\/Silos Opens \u2018Giorgio Armani Priv\u00e9 2005\u20132025\u2019: A Retrospective Celebrating Two Decades of Haute Couture","date":"May 27, 2025","format":false,"excerpt":"Milan sets the stage for a historic fashion moment as Armani\/Silos inaugurates the exhibition Giorgio Armani Priv\u00e9 2005\u20132025, Twenty Years of Haute Couture, curated by Giorgio Armani himself. Opening to the public from 21 May to 28 December 2025, this milestone presentation captures the evolution of Armani\u2019s couture vision in\u2026","rel":"","context":"In &quot;Fashion&quot;","img":{"alt_text":"","src":"https:\/\/i0.wp.com\/media.pamper.my\/2025\/05\/Giorgio-Armani-Prive-2005%E2%80%932025-photocredit-Delfino-Sisto-Legnani-2.jpg?resize=350%2C200&ssl=1","width":350,"height":200},"classes":[]},{"id":121984,"url":"https:\/\/www.pamper.my\/news\/beauty\/makeup\/armani-beauty-unveils-southeast-asias-first-make-up-lab-at-midvalley-megamall-kuala-lumpur\/","url_meta":{"origin":118685,"position":1},"title":"Armani Beauty Unveils Southeast Asia&#8217;s First Make-up Lab at MidValley Megamall Kuala Lumpur","date":"Jul 31, 2023","format":false,"excerpt":"Armani Beauty is opening its first Make-up Lab in Southeast Asia at MidValley Megamall Kuala Lumpur from 31st July to 6th August 2023, featuring Power Fabric+ Foundation and Lip Maestro Satin Lipstick endorsed by NewJeans' Hanni. The immersive beauty experience offers a week-long celebration of luxury and creativity, allowing beauty\u2026","rel":"","context":"In &quot;Face&quot;","img":{"alt_text":"","src":"https:\/\/i0.wp.com\/media.pamper.my\/2023\/07\/Armani-Make-up-Lab-Pop-Up_1.png?resize=350%2C200&ssl=1","width":350,"height":200},"classes":[]},{"id":130530,"url":"https:\/\/www.pamper.my\/news\/special-feature\/pampermyholiday2024\/step-into-a-festive-wonderland-at-armani-beautys-holiday-podium-in-pavilion-kl\/","url_meta":{"origin":118685,"position":2},"title":"Step Into a Festive Wonderland at Armani Beauty\u2019s Holiday Podium in Pavilion KL","date":"Nov 1, 2024","format":false,"excerpt":"As the year winds down, the holiday season brings the perfect time to indulge in all things festive and luxurious. From carefully chosen gifts for loved ones to glamming up for holiday soir\u00e9es, there\u2019s a certain magic in finding the perfect items that add sparkle to the season. For those\u2026","rel":"","context":"In &quot;#PamperMyHoliday2024&quot;","img":{"alt_text":"","src":"https:\/\/i0.wp.com\/media.pamper.my\/2024\/11\/GA_2024_Holiday_Gifting-Family_16x9_RVB.png?resize=350%2C200&ssl=1","width":350,"height":200},"classes":[]},{"id":118850,"url":"https:\/\/www.pamper.my\/news\/lifestyle\/arts-entertainment\/the-world-of-tim-burton-exhibition-to-showcase-in-kuala-lumpur-next-month\/","url_meta":{"origin":118685,"position":3},"title":"Tim Burton to Attend His Exhibition in Kuala Lumpur Next Month","date":"Feb 24, 2023","format":false,"excerpt":"The World of Tim Burton Exhibition is set to showcase at Pavilion Bukit Jalil in Kuala Lumpur next month, and fans of this iconic filmmaker and artist have an extra-special reason to be excited as Tim Burton himself, will be coming to the opening. This will be his first visit\u2026","rel":"","context":"In &quot;Entertainment&quot;","img":{"alt_text":"","src":"https:\/\/i0.wp.com\/media.pamper.my\/2023\/02\/The-World-of-Tim-Burton-Exhibition_1.jpg?resize=350%2C200&ssl=1","width":350,"height":200},"classes":[]},{"id":61277,"url":"https:\/\/www.pamper.my\/news\/beauty\/body\/modern-day-love-story-emporio-armani-new-couple-fragrances-because-its-you-and-stronger-with-you\/","url_meta":{"origin":118685,"position":4},"title":"Start Your Modern-Day Love Story With Emporio Armani&#8217;s New Couple Fragrances, &#8220;Because Its You&#8221; &#038; &#8220;Stronger With You&#8221;","date":"Dec 4, 2017","format":false,"excerpt":"Coming January 2018, Giorgio Armani\u00a0is bringing a new fragrant pair and a new pillar\u00a0to its Emporio Armani line, which represents an olfactive embodiment of authentic modern-day love. From the feminine edition \u201cBecause\u00a0Its You\u201d and the masculine \u201cStronger With You\u201d, these fragrances plays with the power of seduction as vanilla mixes\u2026","rel":"","context":"In &quot;Beauty&quot;","img":{"alt_text":"Start Your Modern-Day Love Story With Emporio Armani's New Couple Fragrances, \"Because Its You\" & \"Stronger With You\"-Pamper.my","src":"https:\/\/i0.wp.com\/www.pamper.my\/news\/wp-content\/uploads\/2017\/11\/giorgio.jpg?resize=350%2C200&ssl=1","width":350,"height":200},"classes":[]},{"id":135995,"url":"https:\/\/www.pamper.my\/news\/lifestyle\/fashion\/giorgio-armani-death-2025-fashion-legacy\/","url_meta":{"origin":118685,"position":5},"title":"Farewell to Giorgio Armani: The Visionary of Timeless Elegance Who Leaves Behind a Lasting Fashion Empire","date":"Sep 5, 2025","format":false,"excerpt":"The fashion world mourns the loss of a legend. Giorgio Armani, founder and creative force of the Armani Group, passed away peacefully surrounded by his loved ones. He was 91. Affectionately known as Il Signor Armani by colleagues and collaborators, the designer remained indefatigable to the very end, working until\u2026","rel":"","context":"In &quot;Fashion&quot;","img":{"alt_text":"","src":"https:\/\/i0.wp.com\/media.pamper.my\/2025\/09\/IMG_7696-1.jpeg?resize=350%2C200&ssl=1","width":350,"height":200},"classes":[]}],"_links":{"self":[{"href":"https:\/\/www.pamper.my\/news\/wp-json\/wp\/v2\/posts\/118685"}],"collection":[{"href":"https:\/\/www.pamper.my\/news\/wp-json\/wp\/v2\/posts"}],"about":[{"href":"https:\/\/www.pamper.my\/news\/wp-json\/wp\/v2\/types\/post"}],"author":[{"embeddable":true,"href":"https:\/\/www.pamper.my\/news\/wp-json\/wp\/v2\/users\/10"}],"replies":[{"embeddable":true,"href":"https:\/\/www.pamper.my\/news\/wp-json\/wp\/v2\/comments?post=118685"}],"version-history":[{"count":0,"href":"https:\/\/www.pamper.my\/news\/wp-json\/wp\/v2\/posts\/118685\/revisions"}],"wp:featuredmedia":[{"embeddable":true,"href":"https:\/\/www.pamper.my\/news\/wp-json\/wp\/v2\/media\/118688"}],"wp:attachment":[{"href":"https:\/\/www.pamper.my\/news\/wp-json\/wp\/v2\/media?parent=118685"}],"wp:term":[{"taxonomy":"category","embeddable":true,"href":"https:\/\/www.pamper.my\/news\/wp-json\/wp\/v2\/categories?post=118685"},{"taxonomy":"post_tag","embeddable":true,"href":"https:\/\/www.pamper.my\/news\/wp-json\/wp\/v2\/tags?post=118685"}],"curies":[{"name":"wp","href":"https:\/\/api.w.org\/{rel}","templated":true}]}}